{"id":24,"date":"2021-03-04T12:56:00","date_gmt":"2021-03-04T12:56:00","guid":{"rendered":""},"modified":"2021-09-08T19:47:07","modified_gmt":"2021-09-08T19:47:07","slug":"4-de-marzo-dia-mundial-de-la-obesidad","status":"publish","type":"post","link":"https:\/\/contrapesouruguay.org\/index.php\/2021\/03\/04\/4-de-marzo-dia-mundial-de-la-obesidad\/","title":{"rendered":"4 de marzo: D\u00eda Mundial de la Obesidad"},"content":{"rendered":"<div style=\"clear: both; text-align: center;\"><span style=\"text-align: left;\"><span style=\"text-align: left;\">La obesidad es un asunto de salud p\u00fablica mundial, cuyas cifras se vieron duplicadas entre 1980 y el 2008. En comparaci\u00f3n con otras regiones de la OMS, en la Regi\u00f3n de las Am\u00e9ricas la prevalencia del sobrepeso y la obesidad es m\u00e1s alta.<\/span><\/span><\/p>\n<\/div>\n<p>A\u00fan cuando las causas de la obesidad sean complejas y se necesita m\u00e1s investigaci\u00f3n, es mucho lo que se sabe acerca de sus consecuencias y de lo que podemos hacer para detenerla.<\/p>\n<p>La evidencia en el \u00e1mbito internacional nos muestra que los factores m\u00e1s importantes que promueven el aumento de peso y la obesidad, as\u00ed como las enfermedades no transmisibles (ENT) conexas, son:<\/p>\n<ol style=\"text-align: left;\">\n<li style=\"list-style-type: none;\">\n<ul>\n<li>El consumo elevado de productos de bajo valor nutricional y contenido alto de az\u00facar, grasa y sal, como los \u201csnacks\u201d y la comida r\u00e1pida.<\/li>\n<li>La ingesta habitual de bebidas azucaradas.<\/li>\n<li>La actividad f\u00edsica insuficiente.<\/li>\n<\/ul>\n<\/li>\n<\/ol>\n<p style=\"text-align: left;\">\n<p style=\"text-align: left;\">Las pol\u00edticas p\u00fablicas orientadas a cambiar el ambiente en que las personas se desenvuelven, son la estrategia m\u00e1s eficaz para que las opciones saludables sean m\u00e1s f\u00e1ciles de adaptar que las no saludables.\n<\/p>\n<p><b><i>Tomando en cuenta estas consideraciones, tanto la OMS como la OPS han establecido recomendaciones de pol\u00edticas, que sustentadas en la mejor evidencia disponible, son las m\u00e1s eficientes para procurar combatir esta situaci\u00f3n.<br \/>\n<\/i><\/b><\/p>\n<p>De hecho, en el 2014 Los <b>pa\u00edses de la Regi\u00f3n de las Am\u00e9ricas<\/b> dieron un importante paso adelante en la lucha contra la obesidad, cuando aprobaron por unanimidad un plan de acci\u00f3n quinquenal para la prevenci\u00f3n de la obesidad en la ni\u00f1ez y la adolescencia en ocasi\u00f3n del 53.o Consejo Directivo de la <b>Organizaci\u00f3n Panamericana de la Salud<\/b> y 66.a sesi\u00f3n del Comit\u00e9 Regional de la <b>Organizaci\u00f3n Mundial de la Salud para las Am\u00e9ricas<\/b>.<br \/>\nEl objetivo general de este plan de acci\u00f3n es detener el aumento de la obesidad en la ni\u00f1ez y la adolescencia en cada pa\u00eds.<br \/>\n<b><i>Este objetivo requiere un enfoque multisectorial para establecer e implementar un conjunto de pol\u00edticas, leyes, y reglamentos para enfrentar la situaci\u00f3n actual.<br \/>\n<\/i><\/b><\/p>\n<p>En ese sentido, la OPS recomienda a los pa\u00edses:<\/p>\n<ul style=\"text-align: left;\">\n<li>Ampliar y fortalecer la promoci\u00f3n de la lactancia materna.<\/li>\n<li>Mejorar el entorno con respecto a la nutrici\u00f3n y la actividad f\u00edsica en establecimientos escolares.\n<ul>\n<li>Ley de prohibici\u00f3n alimentos no saludables alrededor escuelas.<\/li>\n<li>Leyes estatales prohibici\u00f3n de alimentos no saludables para ni\u00f1os (como en el caso de Oaxaca y Tabasco).<\/li>\n<\/ul>\n<\/li>\n<li>Pol\u00edticas fiscales y reglamentaci\u00f3n de la publicidad, promoci\u00f3n y etiquetado de alimentos.\n<ul>\n<li>Etiquetado.<\/li>\n<li>Aumento de impuestos a bebidas azucaradas.<\/li>\n<\/ul>\n<\/li>\n<li>Otras medidas multisectoriales.\n<ul>\n<li>Involucrar a otras instituciones gubernamentales y, seg\u00fan corresponda, a otros sectores.<\/li>\n<li>Programas de ciclov\u00edas recreativas.<\/li>\n<li>Apoyo de los programas de agricultura familiar.<\/li>\n<li>Medidas para mejorar los precios relativos y la accesibilidad a alimentos saludables.<\/li>\n<\/ul>\n<\/li>\n<li>Vigilancia, investigaci\u00f3n y evaluaci\u00f3n.\n<ul>\n<li>Investigaci\u00f3n para pol\u00edticas p\u00fablicas.<\/li>\n<\/ul>\n<\/li>\n<\/ul>\n<p style=\"text-align: right;\">Fuente: OPS M\u00e9xico<\/p>\n","protected":false},"excerpt":{"rendered":"<p>La obesidad es un asunto de salud p\u00fablica mundial, cuyas cifras se vieron duplicadas entre 1980 y el 2008. En comparaci\u00f3n con otras regiones de la OMS, en la Regi\u00f3n de las Am\u00e9ricas la prevalencia del sobrepeso y la obesidad es m\u00e1s alta. A\u00fan cuando las causas de la obesidad [&hellip;]<\/p>\n","protected":false},"author":2,"featured_media":2522,"comment_status":"open","ping_status":"closed","sticky":false,"template":"","format":"standard","meta":{"footnotes":""},"categories":[3,2],"tags":[],"class_list":["post-24","post","type-post","status-publish","format-standard","has-post-thumbnail","hentry","category-interes","category-internacionales"],"_links":{"self":[{"href":"https:\/\/contrapesouruguay.org\/index.php\/wp-json\/wp\/v2\/posts\/24","targetHints":{"allow":["GET"]}}],"collection":[{"href":"https:\/\/contrapesouruguay.org\/index.php\/wp-json\/wp\/v2\/posts"}],"about":[{"href":"https:\/\/contrapesouruguay.org\/index.php\/wp-json\/wp\/v2\/types\/post"}],"author":[{"embeddable":true,"href":"https:\/\/contrapesouruguay.org\/index.php\/wp-json\/wp\/v2\/users\/2"}],"replies":[{"embeddable":true,"href":"https:\/\/contrapesouruguay.org\/index.php\/wp-json\/wp\/v2\/comments?post=24"}],"version-history":[{"count":3,"href":"https:\/\/contrapesouruguay.org\/index.php\/wp-json\/wp\/v2\/posts\/24\/revisions"}],"predecessor-version":[{"id":2523,"href":"https:\/\/contrapesouruguay.org\/index.php\/wp-json\/wp\/v2\/posts\/24\/revisions\/2523"}],"wp:featuredmedia":[{"embeddable":true,"href":"https:\/\/contrapesouruguay.org\/index.php\/wp-json\/wp\/v2\/media\/2522"}],"wp:attachment":[{"href":"https:\/\/contrapesouruguay.org\/index.php\/wp-json\/wp\/v2\/media?parent=24"}],"wp:term":[{"taxonomy":"category","embeddable":true,"href":"https:\/\/contrapesouruguay.org\/index.php\/wp-json\/wp\/v2\/categories?post=24"},{"taxonomy":"post_tag","embeddable":true,"href":"https:\/\/contrapesouruguay.org\/index.php\/wp-json\/wp\/v2\/tags?post=24"}],"curies":[{"name":"wp","href":"https:\/\/api.w.org\/{rel}","templated":true}]}}