{"id":29,"date":"2020-10-02T13:27:00","date_gmt":"2020-10-02T13:27:00","guid":{"rendered":""},"modified":"2021-09-08T20:01:39","modified_gmt":"2021-09-08T20:01:39","slug":"lo-peor-para-una-enfermedad-cronica-multifactorial-es-que-quien-la-padezca-la-subestime","status":"publish","type":"post","link":"https:\/\/contrapesouruguay.org\/index.php\/2020\/10\/02\/lo-peor-para-una-enfermedad-cronica-multifactorial-es-que-quien-la-padezca-la-subestime\/","title":{"rendered":"Lo peor para una enfermedad cr\u00f3nica, multifactorial&#8230; es que quien la padezca, la subestime"},"content":{"rendered":"<p>Argentina: Los resultados de nuevos e importantes estudios globales sobre obesidad se presentaron en el marco del <b>Congreso Europeo Internacional de Obesidad<\/b> (ECOICO 2020, que se realiz\u00f3 de manera virtual, del 1 al 4 de septiembre pasado). Los errores en la percepci\u00f3n sobre la enfermedad pueden generar una subestimaci\u00f3n de las consecuencias y atentar contra su adecuado manejo.<\/p>\n<div>Lo peor para una enfermedad cr\u00f3nica, multifactorial, de alt\u00edsima y creciente prevalencia, que causa m\u00faltiples comorbilidades que impactan directamente en la expectativa de vida de las personas, es que quien la padezca, la subestime.<\/div>\n<div><\/div>\n<div><b>Y el problema se agrava exponencialmente en el manejo de la obesidad cuando la mayor\u00eda de los pacientes no la reconocen todav\u00eda como una enfermedad, sino que solo creen tener sobrepeso.<\/b><\/div>\n<div><\/div>\n<div>Advirtiendo el impacto de la obesidad en la salud p\u00fablica de las sociedades modernas, hace m\u00e1s de 70 a\u00f1os la <b>Organizaci\u00f3n Mundial de la Salud<\/b> la declar\u00f3 justamente como enfermedad. Y desde entonces apel\u00f3 a encararla de manera integral.<\/div>\n<div><\/div>\n<div>Esta idea -mirar y tratar la obesidad como una enfermedad- fue una de las conclusiones que arroj\u00f3 la investigaci\u00f3n <b>ACTION IO<\/b> (Awareness, Care, and Treatment In Obesity MaNagement \u2013 an International Observation, por sus siglas en ingl\u00e9s), que estudi\u00f3 a m\u00e1s de 14.500 personas con obesidad y a casi 2.800 profesionales de la salud de 11 pa\u00edses, y que busc\u00f3 identificar las barreras que existen en el manejo de la obesidad.<\/div>\n<div><\/div>\n<div>Las conclusiones de <b>ACTION <\/b>fueron presentadas en el marco del <b>Congreso Europeo Internacional de Obesidad<\/b> (ECO-ICO 2020), que por el contexto de la pandemia se realiz\u00f3 de manera virtual.<\/div>\n<div><\/div>\n<div><\/div>\n<div>El informe <b>ACTION <\/b>arroj\u00f3 informaci\u00f3n cient\u00edfica robusta sobre el manejo de esta enfermedad: los cient\u00edficos multidisciplinares observaron que los errores en la propia percepci\u00f3n sobre la enfermedad pueden generar una subestimaci\u00f3n de las consecuencias y atentar contra su adecuado manejo. La cual adem\u00e1s en este contexto pand\u00e9mico se ve afectada por la pandemia del virus SARS-CoV-2, responsable de la enfermedad por COVID-19. Y los diferentes esquemas de aislamientos, en definitiva, que <b>las personas se queden en sus casas incrementa exponencialmente el fen\u00f3meno del sedentarismo<\/b>.<\/div>\n<div><\/div>\n<div>Desde 1975, la obesidad se ha casi triplicado en todo el mundo. En el caso argentino, a\u00fan no se reconoce a la obesidad como enfermedad, sino que se la define como \u201ccondici\u00f3n\u201d o \u201cfactor de riesgo\u201d.<\/div>\n<div><\/div>\n<div>Desde 1975, la obesidad se ha casi triplicado en todo el mundo. En el caso argentino, a\u00fan no se reconoce a la obesidad como enfermedad, sino que se la define como \u201ccondici\u00f3n\u201d o \u201cfactor de riesgo\u201d.<\/div>\n<div><\/div>\n<div>Volviendo a la investigaci\u00f3n, entre otras conclusiones, se vio que 6 de cada 10 (62%) personas con obesidad grado 1, es decir, con \u00edndice de masa corporal (IMC) entre 30 y 34,9 kg\/m2, consideraban que solamente ten\u00edan sobrepeso. Lo mismo pensaba el 31% de quienes ten\u00edan obesidad grado 2 (IMC entre 35 y 39,9 kg\/m2) y 1 de cada 4 (25%) de los que presentaban grado 3 (IMC de m\u00e1s de 40 kg\/m2).<\/div>\n<div><\/div>\n<div><b>La obesidad es una enfermedad cr\u00f3nica que requiere tratamiento a largo plazo<\/b>, y debe ser respaldada con un acompa\u00f1amiento continuo, idealmente con un grupo de profesionales multidisciplinarios. Est\u00e1 asociada con secuelas graves para la salud y con una menor expectativa de vida. Las complicaciones asociadas con la obesidad son enfermedades como la diabetes tipo 2, enfermedad coronaria, hipertensi\u00f3n, dislipidemia, apnea obstructiva del sue\u00f1o, enfermedad renal cr\u00f3nica, enfermedad del h\u00edgado graso no alcoh\u00f3lico y c\u00e1ncer. Es una enfermedad multifactorial que est\u00e1 influenciada por factores psicol\u00f3gicos, psicosociales, ambientales, socioecon\u00f3micos y gen\u00e9ticos.<\/div>\n<div><\/div>\n<div>En 2016, 41 millones de ni\u00f1os menores de cinco a\u00f1os ten\u00edan sobrepeso o eran obesos en el mundo, seg\u00fan la OMS (Shutterstock)<\/div>\n<div>En 2016, 41 millones de ni\u00f1os menores de cinco a\u00f1os ten\u00edan sobrepeso o eran obesos en el mundo, seg\u00fan la OMS (Shutterstock)<\/div>\n<div>El aumento de la prevalencia de la obesidad a nivel mundial es un problema de salud p\u00fablica que tiene grandes costos e implicancias en los sistemas de salud. En 2016, se registraba un 13% de personas adultas con obesidad en el mundo, lo que equivale a unas 650 millones de personas aproximadamente, de acuerdo a estimaciones de la OMS.<\/div>\n<div><\/div>\n<div>\u201cEl error de percepci\u00f3n que plantea la investigacion <b>ACTION <\/b>podr\u00eda desalentar a que una persona con obesidad busque el apoyo que necesita para perder peso efectivamente o para tratar complicaciones ligadas a la enfermedad\u201d, sostuvo la doctora Susana Gutt, m\u00e9dica especialista en Nutrici\u00f3n y miembro titular de la <b>Sociedad Argentina de Nutrici\u00f3n<\/b>.<\/div>\n<div><\/div>\n<div style=\"text-align: center;\"><b>La actividad f\u00edsica y la alimentaci\u00f3n saludable son<br \/>\ndos aliadas fundamentales para bajar de peso<\/b><\/div>\n<div style=\"text-align: center;\"><\/div>\n<div>Por otra parte, se vio que hay diferencias clave entre hombres y mujeres respecto del grado de comodidad que experimentan a la hora de hablar del peso, el manejo de la condici\u00f3n y las motivaciones, y se destac\u00f3 la necesidad de lograr tratamientos a medida para mejorar el abordaje de la enfermedad.<\/div>\n<div><\/div>\n<div>Entre las personas con obesidad, los hombres son m\u00e1s propensos a desarrollar complicaciones cardio-metab\u00f3licas (10% versus 4%), mientras que las mujeres tienen el doble de posibilidades de padecer ansiedad o depresi\u00f3n (28% versus 14%). Por otra parte, la mujer es m\u00e1s propensa a realizar m\u00faltiples intentos para bajar de peso (promedio de 4,6 veces versus 3,1) y probar tratamientos m\u00e9dicos o quir\u00fargicos, pero el 75% recupera el peso a los 6 meses comparado con m\u00e1s de la mitad en el caso de los hombres.<\/div>\n<div><\/div>\n<div>\u201cEl estudio tambi\u00e9n revel\u00f3 que es apremiante intervenir en forma m\u00e1s temprana, ya que los problemas de sobrepeso antes de los 20 a\u00f1os de edad est\u00e1n asociados a una mayor gravedad de la enfermedad y a sentimientos de desesperanza\u201d, agreg\u00f3 Gutt.<\/div>\n<div><\/div>\n<div>La rama de participantes m\u00e1s j\u00f3venes ten\u00eda, en proporci\u00f3n, m\u00e1s obesidad grado 2 (23% versus 16%) y 3 (18% versus 11%) en comparaci\u00f3n con quienes no eran obesos desde una edad temprana. Casi la mitad de las personas con obesidad a m\u00e1s temprana edad manifestaron sentir que no eran capaces de superar sus problemas de peso y el 40% expres\u00f3 que sus vidas est\u00e1n regidas por el control de peso.<\/div>\n<div><\/div>\n<div>El sobrepeso y la obesidad se definen como una acumulaci\u00f3n anormal o excesiva de grasa que puede ser perjudicial para la salud y se basa en el <b>\u00edndice de masa corporal<\/b> (IMC) \u201cEstos hallazgos permiten entender mejor cu\u00e1les son las barreras que obstaculizan el tratamiento efectivo de esta condici\u00f3n y destacan c\u00f3mo la percepci\u00f3n, las actitudes y las conductas de las personas con obesidad afectan su abordaje. Comprender mejor el manejo de esta condici\u00f3n es sumamente importante, especialmente cuando el \u00edndice de obesidad se triplic\u00f3 desde 1975 a nivel mundial y m\u00e1s a\u00fan ahora que la pandemia de <b>COVID-19<\/b> expuso la falta de tratamiento de obesidad, una enfermedad inflamatoria cr\u00f3nica que puede afectar negativamente el curso de una infecci\u00f3n por este virus,\u201d, sugiri\u00f3 la doctora Juliana Mociulsky, m\u00e9dica endocrin\u00f3loga, jefa de la secci\u00f3n Nutrici\u00f3n del Instituto Cardiovascular de Buenos Aires (ICBA).<\/div>\n<div><\/div>\n<div>\u201cLa reciente pandemia de COVID-19 nos mostr\u00f3 lo importante que es entender a la obesidad como una enfermedad en toda la extensi\u00f3n de la palabra. Estos hallazgos destacan que sigue siendo subestimada con interpretaciones err\u00f3neas, profundamente instaladas en la sociedad y en la comunidad m\u00e9dica\u201d, coment\u00f3 Mociulsky.<\/div>\n<div><\/div>\n<div>La causa fundamental del sobrepeso y la obesidad que es multifactorial, se agrava ante un desequilibrio energ\u00e9tico entre calor\u00edas consumidas y gastadas (Shutterstock)<\/div>\n<div>La causa fundamental del sobrepeso y la obesidad que es multifactorial, se agrava ante un desequilibrio energ\u00e9tico entre calor\u00edas consumidas y gastadas (Shutterstock)<\/div>\n<div>\u201cAnte el mayor impacto de la obesidad, y dado que la enfermedad es m\u00e1s dif\u00edcil de tratar si comienza a edad temprana, tenemos que promover que los profesionales de la salud intervengan antes con tratamientos a la medida de las necesidades y conductas de cada paciente para lograr mejores resultados en personas que viven con obesidad\u201d, agreg\u00f3.<\/div>\n<div><\/div>\n<div>Muchos pa\u00edses reconocen a esta condici\u00f3n como una enfermedad cr\u00f3nica. No obstante, los m\u00e9dicos que no son especialistas en el tema no siempre la consideran tan grave como otras.<\/div>\n<div><b>\u00a0<\/b><\/div>\n<div><b>Esta percepci\u00f3n tambi\u00e9n puede impedir que se priorice su tratamiento y se apoye a las personas que viven con esta enfermedad.<\/b><\/div>\n<p><b>\u00a0<\/b><\/p>\n<div style=\"text-align: right;\"><b>Fuente: infobae.com<\/b><\/div>\n","protected":false},"excerpt":{"rendered":"<p>Argentina: Los resultados de nuevos e importantes estudios globales sobre obesidad se presentaron en el marco del Congreso Europeo Internacional de Obesidad (ECOICO 2020, que se realiz\u00f3 de manera virtual, del 1 al 4 de septiembre pasado). Los errores en la percepci\u00f3n sobre la enfermedad pueden generar una subestimaci\u00f3n de [&hellip;]<\/p>\n","protected":false},"author":2,"featured_media":2527,"comment_status":"open","ping_status":"closed","sticky":false,"template":"","format":"standard","meta":{"footnotes":""},"categories":[6,2],"tags":[],"class_list":["post-29","post","type-post","status-publish","format-standard","has-post-thumbnail","hentry","category-informes","category-internacionales"],"_links":{"self":[{"href":"https:\/\/contrapesouruguay.org\/index.php\/wp-json\/wp\/v2\/posts\/29","targetHints":{"allow":["GET"]}}],"collection":[{"href":"https:\/\/contrapesouruguay.org\/index.php\/wp-json\/wp\/v2\/posts"}],"about":[{"href":"https:\/\/contrapesouruguay.org\/index.php\/wp-json\/wp\/v2\/types\/post"}],"author":[{"embeddable":true,"href":"https:\/\/contrapesouruguay.org\/index.php\/wp-json\/wp\/v2\/users\/2"}],"replies":[{"embeddable":true,"href":"https:\/\/contrapesouruguay.org\/index.php\/wp-json\/wp\/v2\/comments?post=29"}],"version-history":[{"count":3,"href":"https:\/\/contrapesouruguay.org\/index.php\/wp-json\/wp\/v2\/posts\/29\/revisions"}],"predecessor-version":[{"id":2528,"href":"https:\/\/contrapesouruguay.org\/index.php\/wp-json\/wp\/v2\/posts\/29\/revisions\/2528"}],"wp:featuredmedia":[{"embeddable":true,"href":"https:\/\/contrapesouruguay.org\/index.php\/wp-json\/wp\/v2\/media\/2527"}],"wp:attachment":[{"href":"https:\/\/contrapesouruguay.org\/index.php\/wp-json\/wp\/v2\/media?parent=29"}],"wp:term":[{"taxonomy":"category","embeddable":true,"href":"https:\/\/contrapesouruguay.org\/index.php\/wp-json\/wp\/v2\/categories?post=29"},{"taxonomy":"post_tag","embeddable":true,"href":"https:\/\/contrapesouruguay.org\/index.php\/wp-json\/wp\/v2\/tags?post=29"}],"curies":[{"name":"wp","href":"https:\/\/api.w.org\/{rel}","templated":true}]}}