{"id":34,"date":"2020-07-23T18:56:00","date_gmt":"2020-07-23T18:56:00","guid":{"rendered":""},"modified":"2021-08-19T14:55:55","modified_gmt":"2021-08-19T14:55:55","slug":"secretaria-de-deportes-y-la-obesidad-actualizado","status":"publish","type":"post","link":"https:\/\/contrapesouruguay.org\/index.php\/2020\/07\/23\/secretaria-de-deportes-y-la-obesidad-actualizado\/","title":{"rendered":"Secretar\u00eda de Deportes y la obesidad (actualizado)"},"content":{"rendered":"<div style=\"text-align: center;\"><a href=\"https:\/\/contrapesouruguay.org\/wp-content\/uploads\/2020\/07\/Foto-2BSlider-2BUllua.jpg\" style=\"margin-left: 1em; margin-right: 1em;\"><img decoding=\"async\" border=\"0\" data-original-height=\"441\" data-original-width=\"1000\" src=\"https:\/\/contrapesouruguay.org\/wp-content\/uploads\/2020\/07\/Foto-2BSlider-2BUllua-300x132.jpg\" \/><\/a><\/div>\n<div>\n<div style=\"clear: both; text-align: center;\"><\/div>\n<\/div>\n<div style=\"clear: both; text-align: center;\">\n<div style=\"clear: both;\">\n<div style=\"clear: both; text-align: left;\"><b>Reglamentar carreras y prevenir la obsesidad<\/b><\/div>\n<div style=\"clear: both; text-align: left;\"><\/div>\n<div style=\"clear: both; text-align: left;\">La secretar\u00eda est\u00e1 trabajando con el&nbsp;<b>Ministerio de Salud P\u00fablica (MSP)<\/b>&nbsp;de manera constante y enfocados en varias tem\u00e1ticas. Una de ellas es la nueva<b>&nbsp;Ley del Deporte<\/b>, con la que se quiere reglamentar y darle seriedad al carnet de aptitud deportiva.&nbsp;<\/div>\n<div style=\"clear: both; text-align: left;\"><\/div>\n<div style=\"clear: both; text-align: left;\"><b>\u201cHay algunas carreras de calle de 5K o 10K que solo con firmar un papel uno ya est\u00e1 habilitado para correr; eso hay que reglamentar, que al menos -en principio- se deba presentar un carnet de salud b\u00e1sico. M\u00e1s adelante se puede buscar que el carnet sea m\u00e1s exigente m\u00e9dicamente<\/b>\u201d, inform\u00f3&nbsp;<b>Ulloa<\/b>.&nbsp;<\/div>\n<div style=\"clear: both; text-align: left;\"><\/div>\n<div style=\"clear: both; text-align: left;\">Otro asunto que se aborda con el&nbsp;<b>MSP&nbsp;<\/b>es el tema de las ligas de f\u00fatbol amateur, ya que la \u00fanica que pide comprobantes de salud es la universitaria, el resto son ligas comerciales que poseen varios miles de jugadores y no solicitan un carnet de salud, \u201ca esto es necesario ponerle seriedad\u201d, dijo el entrevistado.&nbsp;<\/div>\n<div style=\"clear: both; text-align: left;\"><\/div>\n<div style=\"clear: both; text-align: left;\">Adem\u00e1s, al organismo lo desvela la situaci\u00f3n de la&nbsp;<b>obesidad&nbsp;<\/b>y el&nbsp;<b>sobrepeso&nbsp;<\/b>en ni\u00f1os y adolescentes, cifra que est\u00e1 por encima del 60%.&nbsp;<b>Ulloa&nbsp;<\/b>explic\u00f3 que es preciso apuntar a que haya iniciaci\u00f3n deportiva desde las escuelas p\u00fablicas. \u201cEstamos trabajando en ese sentido con la&nbsp;<b>Administraci\u00f3n Nacional de Educaci\u00f3n P\u00fablica<\/b>, para lograr vincular fuertemente a las escuelas con las comunidades como son las plazas de deportes y los clubes, m\u00e1s que nada en el Interior. Apelamos al di\u00e1logo en con todas las instituciones de primaria, secundaria y UTU\u201d, plante\u00f3.<\/div>\n<div style=\"clear: both; text-align: left;\"><\/div>\n<div style=\"clear: both; text-align: left;\">En ese sentido, uno de los objetivos de la administraci\u00f3n de la Secretar\u00eda de Deporte es que en cinco a\u00f1os, al menos, el porcentaje de obesidad y sobrepeso haya descendido debido a que el deporte y actividad f\u00edsica se logr\u00f3 inculcar en la educaci\u00f3n de todas las personas.&nbsp;<\/div>\n<div style=\"clear: both; text-align: left;\"><\/div>\n<div style=\"clear: both; text-align: left;\">En lo que refiere a las plazas p\u00fablicas y los puntos de ejercitaci\u00f3n con aparatos, el entrevistado afirm\u00f3 que hay que hacer un trabajo mancomunado con las intendencias y municipios, ya que \u201chay plazas de deportes que trabajan muy bien -m\u00e1s all\u00e1 de las que tienen pista de atletismo, piscinas techadas y para el verano, que son \u2018las joyas\u2019- pero existen otras que est\u00e1n en muy mal estado y datan desde la \u00e9poca del 1900. Algunas ser\u00e1 necesario actualizarlas, otras, tal vez, no valga la pena hacerlo\u201d.&nbsp;<\/div>\n<div style=\"clear: both; text-align: left;\"><\/div>\n<div style=\"clear: both; text-align: left;\"><b>Ulloa&nbsp;<\/b>puso como ejemplo a&nbsp;<b>Nueva Helvecia<\/b>, \u201cdonde hay clubes sociales que est\u00e1n buenos pero las plazas est\u00e1n en mal estado, tienen un plantel docente casi nulo y esto hace que no sea atractiva para las personas. Para hacer actividades van al club y la plaza no tiene funcionamiento. En necesario evaluar qu\u00e9 giro darle\u201d, argument\u00f3.<\/div>\n<div style=\"clear: both; text-align: left;\"><\/div>\n<div style=\"clear: both; text-align: left;\">Indic\u00f3 que ya se est\u00e1 trabajando en el tema \u201cpero hay cosas que no pueden resolverse de un d\u00eda para otro\u201d. Se est\u00e1n realizando recorridas del pa\u00eds, aunque a\u00fan hay lugares a los que no se ha llegado debido a la pandemia como&nbsp;<b>Rivera<\/b>,&nbsp;<b>Treinta&nbsp;y&nbsp;Tres&nbsp;<\/b>y&nbsp;<b>Cerro&nbsp;Largo<\/b>, \u201cpero la idea es seguir recorriendo porque yendo al lugar y conociendo es la \u00fanica forma de tomar conocimiento real\u201d, indic\u00f3 el entrevistado.&nbsp;<\/div>\n<div style=\"clear: both; text-align: left;\"><b><br \/><\/b><\/div>\n<\/div>\n<div style=\"clear: both;\"><b><br \/><\/b><\/div>\n<div style=\"clear: both;\">\n<div style=\"clear: both;\"><b>Las nuevas autoridades se encontraron con un panorama desordenado, recursos humanos mal distribuidos y obras que se inauguraron \u201csolo para la foto\u201d. Bajar el nivel de obesidad en ni\u00f1os y adolescentes a trav\u00e9s de la actividad f\u00edsica es una de las metas que se han trazado para este periodo.<\/b><\/div>\n<div style=\"clear: both;\"><b><br \/><\/b><\/div>\n<div style=\"clear: both;\">\n<div style=\"clear: both; text-align: left;\"><\/div>\n<div style=\"clear: both; text-align: left;\">\n<div style=\"clear: both;\"><b>Cambios esperados&nbsp;<\/b><\/div>\n<div style=\"clear: both;\"><\/div>\n<div style=\"clear: both;\"><b>Ulloa&nbsp;<\/b>dijo que se le dar\u00e1 mucha importancia a los&nbsp;<b>Juegos Nacionales<\/b>. Este a\u00f1o por la pandemia no se van a hacer, pero es algo que consideran fundamental.&nbsp;<\/div>\n<div style=\"clear: both;\"><\/div>\n<div style=\"clear: both; text-align: center;\"><b>\u201cHay que tratar de aceitarlo un poco m\u00e1s, vincular a colegios privados y a la Escuela Militar. La esencia de los Juegos Nacionales es el Interior porque llega hasta el \u00faltimo rinc\u00f3n y eso est\u00e1 buen\u00edsimo\u201d.<\/b><\/div>\n<div style=\"clear: both;\"><\/div>\n<div style=\"clear: both;\">Adem\u00e1s est\u00e1n en un proyecto de agregarle a la&nbsp;<b>Organizaci\u00f3n Nacional de F\u00fatbol Infantil<\/b>, la&nbsp;<b>Organizaci\u00f3n Nacional de Deporte Infantil (ONDI)<\/b>&nbsp;que se encargar\u00eda de agregarle al f\u00fatbol un poco m\u00e1s de deporte. Capacitar entrenadores por si hay ni\u00f1os que no son tan buenos jugando al f\u00fatbol tenga un deporte m\u00e1s para elegir como&nbsp;<b>rugby<\/b>,&nbsp;<b>basquetbol&nbsp;<\/b>y&nbsp;<b>handball&nbsp;<\/b>y as\u00ed abrir el abanico.<\/div>\n<div style=\"clear: both;\"><\/div>\n<\/div>\n<div style=\"clear: both; text-align: left;\">\u201cLa pandemia nos ayud\u00f3, porque si el Covid-19 no hubiese llegado no s\u00e9 c\u00f3mo hubi\u00e9ramos hecho para abrir las pistas de atletismo r\u00e1pidamente. La pandemia nos dio tiempo para acomodar medianamente los recursos humanos. Hab\u00eda profesores de atletismo trabajando en \u00e1reas de piscinas, entonces los ubicamos en sus lugares naturales que son las pistas\u201d, detall\u00f3 Eduardo Ulloa, coordinador del \u00e1rea de Deportes Federados de la Secretar\u00eda Nacional de Deportes.<\/div>\n<div style=\"clear: both; text-align: left;\"><\/div>\n<div style=\"clear: both; text-align: left;\">Consultado por&nbsp;<b>La Ma\u00f1ana<\/b>,&nbsp;<b>Ulloa&nbsp;<\/b>relat\u00f3 que al llegar a la secretar\u00eda las nuevas autoridades encontraron un panorama desordenado y a medida que los d\u00edas fueron pasando ese desorden se identific\u00f3 m\u00e1s notoriamente, principalmente a nivel de infraestructura y recursos humanos. Un claro ejemplo de ello es el&nbsp;<b>Centro de Entrenamientos de Deportes de Combate<\/b>&nbsp;-el que fue inaugurado en octubre de 2019- en el que se gast\u00f3 un mill\u00f3n y medio de d\u00f3lares pero tiene problemas edilicios graves, se llueve.<\/div>\n<div style=\"clear: both; text-align: left;\"><\/div>\n<div style=\"clear: both; text-align: left;\">A esto se suma la gesti\u00f3n de los recursos humanos, ya que tanto el centro de combate como las tres pistas de atletismo -en las que se invirtieron USD 5 millones- no hay pr\u00e1cticamente cargos docentes ya que no se cre\u00f3 ninguno. Las pistas est\u00e1n nuevas, pero no tienen profesores.<\/div>\n<div style=\"clear: both; text-align: left;\"><\/div>\n<div style=\"clear: both; text-align: left;\">Otro asunto que preocupa es la pista del&nbsp;<b>Liceo Militar General Artigas<\/b>, que no tiene la conexi\u00f3n sanitaria de los ba\u00f1os terminada, no tienen agua ni saneamiento. La secretar\u00eda debi\u00f3 realizar un llamado a licitaci\u00f3n, que a\u00fan est\u00e1 en curso, para que se finalice la obra. \u201cLa pista la inauguraron para la foto y nada m\u00e1s. Esto es solo un ejemplo pero existen m\u00e1s des\u00f3rdenes por el estilo\u201d, agreg\u00f3 Ulloa.<\/div>\n<div style=\"clear: both; text-align: left;\"><\/div>\n<div style=\"clear: both; text-align: left;\">Indic\u00f3 que en recursos humanos se est\u00e1 bien pero hace falta gestionarlos correctamente. \u201cHoy ya estamos mucho m\u00e1s acomodados y de a poco han comenzado a funcionar algunas cosas. No como nos gustar\u00eda porque la pandemia nos tiene limitados todav\u00eda\u201d, asegur\u00f3.<\/div>\n<div style=\"clear: both; text-align: left;\"><\/div>\n<div style=\"clear: both; text-align: left;\"><b>Sin grandes obras pero ordenados&nbsp;<\/b><\/div>\n<div style=\"clear: both; text-align: left;\"><\/div>\n<div style=\"clear: both; text-align: left;\">El encargado de&nbsp;<b>Deportes Federados<\/b>&nbsp;explic\u00f3 que no se tendr\u00e1 mucho presupuesto como para generar grandes obras. Lo que s\u00ed se har\u00e1 ser\u00e1 inaugurar la piscina ol\u00edmpica de&nbsp;<b>Maldonado&nbsp;<\/b>ya que lleva poca inversi\u00f3n debido a que tiene gran cooperaci\u00f3n del&nbsp;<b>Comit\u00e9&nbsp;<\/b>y la&nbsp;<b>Federaci\u00f3n Internacional<\/b>, as\u00ed como de la intendencia del departamento. El plan tambi\u00e9n es hacer algo similar con la&nbsp;<b>pista de atletismo de Parque Batlle<\/b>, en cooperaci\u00f3n con organismos internacionales tratar de dejarla renovada, ya que, seg\u00fan&nbsp;<b>Ulloa<\/b>, est\u00e1 en mal estado.<\/div>\n<div style=\"clear: both; text-align: left;\"><\/div>\n<div style=\"clear: both; text-align: left;\">De las principales cosas que desea esta nueva gesti\u00f3n es&nbsp;<b>apostar al recurso humano y a trabajar firmemente a nivel interinstitucional<\/b>. Eso es el v\u00ednculo que se tiene con el&nbsp;<b>Instituto Nacional&nbsp;<\/b>de&nbsp;<b>Inclusi\u00f3n Social Adolescente&nbsp;<\/b>(Inisa), el&nbsp;<b>Instituto Nacional&nbsp;<\/b>de&nbsp;<b>Rehabilitaci\u00f3n&nbsp;<\/b>(INR), con el&nbsp;<b>Ministerio&nbsp;<\/b>de&nbsp;<b>Desarrollo Social<\/b>, el&nbsp;<b>Ministerio&nbsp;<\/b>del&nbsp;<b>Interior<\/b>, el de&nbsp;<b>Defensa<\/b>, entre otros organismos nacionales. \u201cYa hemos firmado alg\u00fan convenio con el&nbsp;<b>Inisa&nbsp;<\/b>y el&nbsp;<b>INR<\/b>.&nbsp;<\/div>\n<div style=\"clear: both; text-align: left;\"><\/div>\n<div style=\"clear: both;\"><b>En estos d\u00edas empezaremos con una escuelita de b\u00e1squetbol en las c\u00e1rceles. Creo que la fortaleza que tenemos est\u00e1 vinculada a la gesti\u00f3n de los recursos humanos\u201d, fundament\u00f3 el entrevistado.&nbsp;<\/b><\/div>\n<div style=\"clear: both; text-align: left;\"><\/div>\n<div style=\"clear: both; text-align: left;\">Indic\u00f3 que la secretar\u00eda espera dejar ordenados los recursos humanos, funcionando las cosas que no funcionaban y no ten\u00edan buena gesti\u00f3n. \u201cPonerle gesti\u00f3n, cabeza, di\u00e1logo y voluntad. A medida que vamos recorriendo lugares vemos que hac\u00eda a\u00f1os no iban autoridades o no hab\u00edan tenido ning\u00fan tipo de recepci\u00f3n. Ac\u00e1 recibimos a todos porque todos tienen para aportar. Apelamos a llevarla d\u00eda a d\u00eda sin grandes gastos y dejar alguna mejor\u00eda\u201d, puntualiz\u00f3.<\/div>\n<div style=\"clear: both; text-align: left;\"><\/div>\n<div style=\"clear: both; text-align: left;\">\n<div style=\"clear: both;\"><\/div>\n<div style=\"clear: both; text-align: right;\">Fuente: Semanario&nbsp;<b>La Ma\u00f1ana<\/b><\/div>\n<div style=\"clear: both;\"><\/div>\n<\/div>\n<div style=\"clear: both; font-weight: bold;\"><\/div>\n<\/div>\n<div style=\"clear: both;\"><\/div>\n<\/div>\n<\/div>\n","protected":false},"excerpt":{"rendered":"<p>Reglamentar carreras y prevenir la obsesidad La secretar\u00eda est\u00e1 trabajando con el&nbsp;Ministerio de Salud P\u00fablica (MSP)&nbsp;de manera constante y enfocados en varias tem\u00e1ticas. Una de ellas es la nueva&nbsp;Ley del Deporte, con la que se quiere reglamentar y darle seriedad al carnet de aptitud deportiva.&nbsp; \u201cHay algunas carreras de calle [&hellip;]<\/p>\n","protected":false},"author":2,"featured_media":120,"comment_status":"open","ping_status":"closed","sticky":false,"template":"","format":"standard","meta":{"footnotes":""},"categories":[3,5],"tags":[],"class_list":["post-34","post","type-post","status-publish","format-standard","has-post-thumbnail","hentry","category-interes","category-uruguay"],"_links":{"self":[{"href":"https:\/\/contrapesouruguay.org\/index.php\/wp-json\/wp\/v2\/posts\/34","targetHints":{"allow":["GET"]}}],"collection":[{"href":"https:\/\/contrapesouruguay.org\/index.php\/wp-json\/wp\/v2\/posts"}],"about":[{"href":"https:\/\/contrapesouruguay.org\/index.php\/wp-json\/wp\/v2\/types\/post"}],"author":[{"embeddable":true,"href":"https:\/\/contrapesouruguay.org\/index.php\/wp-json\/wp\/v2\/users\/2"}],"replies":[{"embeddable":true,"href":"https:\/\/contrapesouruguay.org\/index.php\/wp-json\/wp\/v2\/comments?post=34"}],"version-history":[{"count":2,"href":"https:\/\/contrapesouruguay.org\/index.php\/wp-json\/wp\/v2\/posts\/34\/revisions"}],"predecessor-version":[{"id":2142,"href":"https:\/\/contrapesouruguay.org\/index.php\/wp-json\/wp\/v2\/posts\/34\/revisions\/2142"}],"wp:featuredmedia":[{"embeddable":true,"href":"https:\/\/contrapesouruguay.org\/index.php\/wp-json\/wp\/v2\/media\/120"}],"wp:attachment":[{"href":"https:\/\/contrapesouruguay.org\/index.php\/wp-json\/wp\/v2\/media?parent=34"}],"wp:term":[{"taxonomy":"category","embeddable":true,"href":"https:\/\/contrapesouruguay.org\/index.php\/wp-json\/wp\/v2\/categories?post=34"},{"taxonomy":"post_tag","embeddable":true,"href":"https:\/\/contrapesouruguay.org\/index.php\/wp-json\/wp\/v2\/tags?post=34"}],"curies":[{"name":"wp","href":"https:\/\/api.w.org\/{rel}","templated":true}]}}