{"id":37,"date":"2020-07-08T19:37:00","date_gmt":"2020-07-08T19:37:00","guid":{"rendered":""},"modified":"2021-08-19T14:55:55","modified_gmt":"2021-08-19T14:55:55","slug":"etiquetado-el-gobierno-busca-unificar-criterios-en-el-mercosur","status":"publish","type":"post","link":"https:\/\/contrapesouruguay.org\/index.php\/2020\/07\/08\/etiquetado-el-gobierno-busca-unificar-criterios-en-el-mercosur\/","title":{"rendered":"Etiquetado: el gobierno busca unificar criterios en el Mercosur"},"content":{"rendered":"<p><\/p>\n<div style=\"clear: both; text-align: center;\"><a href=\"https:\/\/contrapesouruguay.org\/wp-content\/uploads\/2020\/07\/Mercosur.jpg\" style=\"margin-left: 1em; margin-right: 1em;\"><img decoding=\"async\" border=\"0\" data-original-height=\"441\" data-original-width=\"1000\" src=\"https:\/\/contrapesouruguay.org\/wp-content\/uploads\/2020\/07\/Mercosur-300x132.jpg\" \/><\/a><\/div>\n<div style=\"clear: both; text-align: center;\"><\/div>\n<div style=\"clear: both; text-align: center;\"><\/div>\n<div style=\"clear: both; text-align: center;\">\n<div style=\"clear: both;\">El ministro de Industria, Omar Paganini, plante\u00f3 el tema en la agenda de las negociaciones de los pr\u00f3ximos seis meses de los grupos de trabajo. Se busca armonizar criteros con Brasil y Chile.<\/div>\n<div style=\"clear: both;\"><\/div>\n<div style=\"clear: both;\">Tras ratificar la pol\u00edtica del rotulado frontal en los productos envasados, y adelantar su voluntad de modificar la palabra \u201cexceso\u201d por \u201calto\u201d en: sodio, grasas y az\u00facares, el gobierno introdujo la discusi\u00f3n a la interna del Mercosur con el objetivo de unificar criterios.<\/div>\n<div style=\"clear: both;\"><\/div>\n<div style=\"clear: both; text-align: right;\">Ver nota completa y la entrevista en el sitio de Subrayado <a href=\"https:\/\/www.subrayado.com.uy\/uruguay-pretende-unificar-rotulado-frontal-alimentos-el-mercosur-n645178\" target=\"_blank\" rel=\"noopener\">(haga click aqu\u00ed)<\/a><\/div>\n<div style=\"clear: both;\"><\/div>\n<\/div>\n","protected":false},"excerpt":{"rendered":"<p>El ministro de Industria, Omar Paganini, plante\u00f3 el tema en la agenda de las negociaciones de los pr\u00f3ximos seis meses de los grupos de trabajo. Se busca armonizar criteros con Brasil y Chile. Tras ratificar la pol\u00edtica del rotulado frontal en los productos envasados, y adelantar su voluntad de modificar [&hellip;]<\/p>\n","protected":false},"author":2,"featured_media":128,"comment_status":"open","ping_status":"closed","sticky":false,"template":"","format":"standard","meta":{"footnotes":""},"categories":[3,2],"tags":[],"class_list":["post-37","post","type-post","status-publish","format-standard","has-post-thumbnail","hentry","category-interes","category-internacionales"],"_links":{"self":[{"href":"https:\/\/contrapesouruguay.org\/index.php\/wp-json\/wp\/v2\/posts\/37","targetHints":{"allow":["GET"]}}],"collection":[{"href":"https:\/\/contrapesouruguay.org\/index.php\/wp-json\/wp\/v2\/posts"}],"about":[{"href":"https:\/\/contrapesouruguay.org\/index.php\/wp-json\/wp\/v2\/types\/post"}],"author":[{"embeddable":true,"href":"https:\/\/contrapesouruguay.org\/index.php\/wp-json\/wp\/v2\/users\/2"}],"replies":[{"embeddable":true,"href":"https:\/\/contrapesouruguay.org\/index.php\/wp-json\/wp\/v2\/comments?post=37"}],"version-history":[{"count":2,"href":"https:\/\/contrapesouruguay.org\/index.php\/wp-json\/wp\/v2\/posts\/37\/revisions"}],"predecessor-version":[{"id":2145,"href":"https:\/\/contrapesouruguay.org\/index.php\/wp-json\/wp\/v2\/posts\/37\/revisions\/2145"}],"wp:featuredmedia":[{"embeddable":true,"href":"https:\/\/contrapesouruguay.org\/index.php\/wp-json\/wp\/v2\/media\/128"}],"wp:attachment":[{"href":"https:\/\/contrapesouruguay.org\/index.php\/wp-json\/wp\/v2\/media?parent=37"}],"wp:term":[{"taxonomy":"category","embeddable":true,"href":"https:\/\/contrapesouruguay.org\/index.php\/wp-json\/wp\/v2\/categories?post=37"},{"taxonomy":"post_tag","embeddable":true,"href":"https:\/\/contrapesouruguay.org\/index.php\/wp-json\/wp\/v2\/tags?post=37"}],"curies":[{"name":"wp","href":"https:\/\/api.w.org\/{rel}","templated":true}]}}