{"id":91,"date":"2015-11-05T23:55:00","date_gmt":"2015-11-05T23:55:00","guid":{"rendered":"https:\/\/contrapesouruguay.org\/index.php\/2015\/11\/05\/el-problema-de-la-obesidad-infantil-en-uruguay\/"},"modified":"2021-09-16T10:57:56","modified_gmt":"2021-09-16T13:57:56","slug":"el-problema-de-la-obesidad-infantil-en-uruguay","status":"publish","type":"post","link":"https:\/\/contrapesouruguay.org\/index.php\/2015\/11\/05\/el-problema-de-la-obesidad-infantil-en-uruguay\/","title":{"rendered":"El problema de la obesidad infantil en Uruguay"},"content":{"rendered":"<table align=\"center\" cellpadding=\"0\" cellspacing=\"0\" style=\"margin-left: auto; margin-right: auto; text-align: center;\">\n<tbody>\n<tr>\n<td style=\"text-align: center;\"><a href=\"http:\/\/www.teledoce.com\/telemundo\/nacionales\/informe-el-problema-de-la-obesidad-infantil-en-uruguay\/\" style=\"margin-left: auto; margin-right: auto;\" target=\"_blank\" rel=\"noopener\"><img fetchpriority=\"high\" decoding=\"async\" border=\"0\" src=\"http:\/\/www.teledoce.com\/wp-content\/uploads\/2015\/10\/informe-obesidad-702x395.jpg\" height=\"180\" width=\"320\"><\/a><\/td>\n<\/tr>\n<tr>\n<td style=\"text-align: center;\"><span style=\"font-family: Arial, Helvetica, sans-serif; font-size: small;\"><i>Para ver el video del informe, haga click sobre la imagen. (Ingresa a sitio teledoce.com)<\/i><\/span><\/td>\n<\/tr>\n<\/tbody>\n<\/table>\n<div style=\"background-color: white; border: 0px; color: #606569; font-family: 'Open Sans', Arial, sans-serif; font-size: 16px; line-height: 1.4; margin-bottom: 1.857em; padding: 0px; vertical-align: baseline;\"><span style=\"line-height: 1.4;\"><b>La asesora en Nutrici\u00f3n del MSP explic\u00f3 a Telemundo que hoy en d\u00eda esto es considerado como una enfermedad cr\u00f3nica.<\/b><\/span><br \/>\n<span style=\"line-height: 1.4;\"><br \/>\n<\/span><span style=\"line-height: 1.4;\">El informe difundido por la Organizaci\u00f3n Mundial de la Salud el lunes pasado en el que se vincula el consumo de carne roja procesada con el c\u00e1ncer ha provocado un replanteo sobre la alimentaci\u00f3n en Uruguay. En este marco, la periodista de Telemundo Iliana da Silva present\u00f3 un informe sobre obesidad infantil.<\/span><\/div>\n<div style=\"background-color: white; border: 0px; color: #606569; font-family: 'Open Sans', Arial, sans-serif; font-size: 16px; line-height: 1.4; margin-bottom: 1.857em; padding: 0px; vertical-align: baseline;\">\u201cEstamos mal\u201d, afirm\u00f3 en el comienzo el informe. La obesidad infantil es de 7,1% en promedio en Latinoam\u00e9rica, pero en Uruguay la cifra crece a 10,5%, lo que es considerado muy alto por los expertos.<\/div>\n<div style=\"background-color: white; border: 0px; color: #606569; font-family: 'Open Sans', Arial, sans-serif; font-size: 16px; line-height: 1.4; margin-bottom: 1.857em; padding: 0px; vertical-align: baseline;\">\u00bfC\u00f3mo se puede combatir? Con una dieta saludable. Y aqu\u00ed tambi\u00e9n los n\u00fameros preocupan a las autoridades: solo el 37,2% de los ni\u00f1os de 0 a 4 a\u00f1os consumen vegetales, mientras que un 80,5% consumen harina -pan, galletas- y un 44,8% comen carne a diario.<\/div>\n<div style=\"background-color: white; border: 0px; color: #606569; font-family: 'Open Sans', Arial, sans-serif; font-size: 16px; line-height: 1.4; margin-bottom: 1.857em; padding: 0px; vertical-align: baseline;\">Otro de los temas es el consumo de sal. 49% de los ni\u00f1os menores de un a\u00f1o consume sal en su alimentaci\u00f3n, y la recomendaci\u00f3n es lo contrario. A partir de los dos a\u00f1os, la cifra es del 87,7%. Y en cuanto al az\u00facar, el 36% de los menores de dos a\u00f1os y el 72% de los ni\u00f1os de entre dos y cuatro a\u00f1os la consumen.<\/div>\n<div style=\"background-color: white; border: 0px; color: #606569; font-family: 'Open Sans', Arial, sans-serif; font-size: 16px; line-height: 1.4; margin-bottom: 1.857em; padding: 0px; vertical-align: baseline;\">Telemundo convers\u00f3 con la Dra. Isabel Bove, asesora en Nutrici\u00f3n del Ministerio de Salud P\u00fablica, quien afirm\u00f3 que una de las medidas m\u00e1s eficaces&nbsp;para combatir la obesidad infantil es la prevenci\u00f3n, que debe empezar en la gestaci\u00f3n. \u201cLa OMS habla de la obesidad infantil como una enfermedad cr\u00f3nica, porque las probabilidades que tiene un ni\u00f1o gordito de continuar siendo gordito de adolescente y de adulto son muy altas\u201d, explic\u00f3 Bove, \u201centonces el tema ya no es un juego\u201d.<\/div>\n<div style=\"background-color: white; border: 0px; color: #606569; font-family: 'Open Sans', Arial, sans-serif; font-size: 16px; line-height: 1.4; margin-bottom: 1.857em; padding: 0px; vertical-align: baseline;\">\n<div style=\"font-size: 16px;\">Dijo tambi\u00e9n que el per\u00edodo de lactancia es fundamental. \u201cCuando empieza a comer est\u00e1n gener\u00e1ndose todos los h\u00e1bitos de futuro del ni\u00f1o: los gustos, los sabores; y nacemos con un gusto innato por lo dulce. Los alimentos ya tienen de por s\u00ed un saborcito medio dulce, as\u00ed que no agregar az\u00facar jam\u00e1s a nada\u201d, recomend\u00f3.<\/div>\n<div style=\"text-align: right;\"><i><span style=\"font-size: x-small;\">Fuente: www.teledoce.com<\/span><\/i><\/div>\n<\/div>\n","protected":false},"excerpt":{"rendered":"<p>Para ver el video del informe, haga click sobre la imagen. (Ingresa a sitio teledoce.com) La asesora en Nutrici\u00f3n del MSP explic\u00f3 a Telemundo que hoy en d\u00eda esto es considerado como una enfermedad cr\u00f3nica. El informe difundido por la Organizaci\u00f3n Mundial de la Salud el lunes pasado en el [&hellip;]<\/p>\n","protected":false},"author":2,"featured_media":0,"comment_status":"open","ping_status":"closed","sticky":false,"template":"","format":"standard","meta":{"footnotes":""},"categories":[5],"tags":[],"class_list":["post-91","post","type-post","status-publish","format-standard","hentry","category-uruguay"],"_links":{"self":[{"href":"https:\/\/contrapesouruguay.org\/index.php\/wp-json\/wp\/v2\/posts\/91","targetHints":{"allow":["GET"]}}],"collection":[{"href":"https:\/\/contrapesouruguay.org\/index.php\/wp-json\/wp\/v2\/posts"}],"about":[{"href":"https:\/\/contrapesouruguay.org\/index.php\/wp-json\/wp\/v2\/types\/post"}],"author":[{"embeddable":true,"href":"https:\/\/contrapesouruguay.org\/index.php\/wp-json\/wp\/v2\/users\/2"}],"replies":[{"embeddable":true,"href":"https:\/\/contrapesouruguay.org\/index.php\/wp-json\/wp\/v2\/comments?post=91"}],"version-history":[{"count":1,"href":"https:\/\/contrapesouruguay.org\/index.php\/wp-json\/wp\/v2\/posts\/91\/revisions"}],"predecessor-version":[{"id":2872,"href":"https:\/\/contrapesouruguay.org\/index.php\/wp-json\/wp\/v2\/posts\/91\/revisions\/2872"}],"wp:attachment":[{"href":"https:\/\/contrapesouruguay.org\/index.php\/wp-json\/wp\/v2\/media?parent=91"}],"wp:term":[{"taxonomy":"category","embeddable":true,"href":"https:\/\/contrapesouruguay.org\/index.php\/wp-json\/wp\/v2\/categories?post=91"},{"taxonomy":"post_tag","embeddable":true,"href":"https:\/\/contrapesouruguay.org\/index.php\/wp-json\/wp\/v2\/tags?post=91"}],"curies":[{"name":"wp","href":"https:\/\/api.w.org\/{rel}","templated":true}]}}